{"id":3821,"date":"2026-03-11T10:11:26","date_gmt":"2026-03-11T09:11:26","guid":{"rendered":"https:\/\/www.museomarineriapesaro.it\/?p=3821"},"modified":"2026-03-26T11:34:20","modified_gmt":"2026-03-26T10:34:20","slug":"24-04-2026-more-il-piccolo-lavoratore-del-mare-di-maria-lucia-de-nicolo-presentazione-del-quaderno-n-30-della-collana-rerum-maritimarum","status":"publish","type":"post","link":"https:\/\/www.museomarineriapesaro.it\/index.php\/24-04-2026-more-il-piccolo-lavoratore-del-mare-di-maria-lucia-de-nicolo-presentazione-del-quaderno-n-30-della-collana-rerum-maritimarum\/","title":{"rendered":"24.04.2026 Mor\u00e8,\u00a0il piccolo lavoratore del mare, di Maria Lucia De Nicol\u00f2  Presentazione del quaderno n. 30 della collana Rerum maritimarum"},"content":{"rendered":"\n<p class=\"blocco\"><strong>Venerd\u00ec 24 aprile 2026 alle ore 17 <\/strong>presso la sala conferenze di Villa Molaroni, in via Pola 9 a Pesaro, si terr\u00e0 la presentazione del quaderno n. 30 della collana dei quaderni del museo <em>Rerum maritimarum<\/em> dal titolo <strong>Mor\u00e8,<em>\u00a0il piccolo lavoratore del mare<\/em><\/strong><em>, <\/em>di Maria Lucia De Nicol\u00f2.<\/p>\n\n\n\n<figure class=\"wp-block-image size-large\"><img loading=\"lazy\" decoding=\"async\" width=\"819\" height=\"1024\" src=\"https:\/\/www.museomarineriapesaro.it\/wp-content\/uploads\/Locandina_24_43_26-1-819x1024.jpg\" alt=\"\" class=\"wp-image-3828\" srcset=\"https:\/\/www.museomarineriapesaro.it\/wp-content\/uploads\/Locandina_24_43_26-1-819x1024.jpg 819w, https:\/\/www.museomarineriapesaro.it\/wp-content\/uploads\/Locandina_24_43_26-1-240x300.jpg 240w, https:\/\/www.museomarineriapesaro.it\/wp-content\/uploads\/Locandina_24_43_26-1-120x150.jpg 120w, https:\/\/www.museomarineriapesaro.it\/wp-content\/uploads\/Locandina_24_43_26-1-768x960.jpg 768w, https:\/\/www.museomarineriapesaro.it\/wp-content\/uploads\/Locandina_24_43_26-1-1229x1536.jpg 1229w, https:\/\/www.museomarineriapesaro.it\/wp-content\/uploads\/Locandina_24_43_26-1-1639x2048.jpg 1639w, https:\/\/www.museomarineriapesaro.it\/wp-content\/uploads\/Locandina_24_43_26-1.jpg 1890w\" sizes=\"auto, (max-width: 819px) 100vw, 819px\" \/><\/figure>\n\n\n\n<p class=\"blocco\">In questo quaderno del Museo della Marineria di Pesaro si d\u00e0 spazio, con una ricerca rivolta ai bambini nella societ\u00e0 marinara, ad una storia rimasta in ombra riportando in luce, in una quotidianit\u00e0 sofferta, le vicende di una moltitudine di piccoli soggetti passivi, guidati, coinvolti, sfruttati da pochi. L\u2019intento di colmare in qualche modo questa vistosa lacuna ha portato al recupero, per quanto possibile, della memoria collettiva espressa nel racconto delle personali esperienze dei pescatori e delle loro famiglie. Si concentra l\u2019attenzione soprattutto sul coinvolgimento dei bambini nell\u2019impresa lavorativa della pesca proponendo, in forma antologica, una sequenza di ricordi e memorie restituite dalla viva voce di un grande numero di pescatori dell\u2019Adriatico, che, a proposito della loro iniziazione al lavoro sul mare, danno corpo ad un\u2019espressione che \u00e8 possibile generalizzare come processo comune a tutti i piccoli pescatori: \u201cin principio eri<em>&nbsp;mur\u00e8<\/em>\u201d.<\/p>\n\n\n\n<p><\/p>\n","protected":false},"excerpt":{"rendered":"<p>Venerd\u00ec 24 aprile 2026 alle ore 17 presso la sala conferenze di Villa Molaroni, in via Pola 9 a Pesaro, si terr\u00e0 la presentazione del quaderno n. 30 della collana dei quaderni del museo Rerum maritimarum dal titolo Mor\u00e8,\u00a0il piccolo lavoratore del mare, di Maria Lucia De Nicol\u00f2. In questo quaderno del Museo della Marineria&hellip;&nbsp;<a href=\"https:\/\/www.museomarineriapesaro.it\/index.php\/24-04-2026-more-il-piccolo-lavoratore-del-mare-di-maria-lucia-de-nicolo-presentazione-del-quaderno-n-30-della-collana-rerum-maritimarum\/\" rel=\"bookmark\">Read More &raquo;<span class=\"screen-reader-text\">24.04.2026 Mor\u00e8,\u00a0il piccolo lavoratore del mare, di Maria Lucia De Nicol\u00f2  Presentazione del quaderno n. 30 della collana Rerum maritimarum<\/span><\/a><\/p>\n","protected":false},"author":2,"featured_media":3820,"comment_status":"closed","ping_status":"closed","sticky":false,"template":"","format":"standard","meta":{"neve_meta_sidebar":"","neve_meta_container":"","neve_meta_enable_content_width":"","neve_meta_content_width":0,"neve_meta_title_alignment":"","neve_meta_author_avatar":"","neve_post_elements_order":"","neve_meta_disable_header":"","neve_meta_disable_footer":"","neve_meta_disable_title":"","neve_meta_reading_time":"","_themeisle_gutenberg_block_has_review":false,"footnotes":""},"categories":[49],"tags":[131,134,132,133,135],"class_list":["post-3821","post","type-post","status-publish","format-standard","has-post-thumbnail","hentry","category-news","tag-bambini-marinai","tag-il-piccolo-lavoratore-del-mare","tag-more","tag-muore","tag-quqaderno-n-30"],"_links":{"self":[{"href":"https:\/\/www.museomarineriapesaro.it\/index.php\/wp-json\/wp\/v2\/posts\/3821","targetHints":{"allow":["GET"]}}],"collection":[{"href":"https:\/\/www.museomarineriapesaro.it\/index.php\/wp-json\/wp\/v2\/posts"}],"about":[{"href":"https:\/\/www.museomarineriapesaro.it\/index.php\/wp-json\/wp\/v2\/types\/post"}],"author":[{"embeddable":true,"href":"https:\/\/www.museomarineriapesaro.it\/index.php\/wp-json\/wp\/v2\/users\/2"}],"replies":[{"embeddable":true,"href":"https:\/\/www.museomarineriapesaro.it\/index.php\/wp-json\/wp\/v2\/comments?post=3821"}],"version-history":[{"count":7,"href":"https:\/\/www.museomarineriapesaro.it\/index.php\/wp-json\/wp\/v2\/posts\/3821\/revisions"}],"predecessor-version":[{"id":3831,"href":"https:\/\/www.museomarineriapesaro.it\/index.php\/wp-json\/wp\/v2\/posts\/3821\/revisions\/3831"}],"wp:featuredmedia":[{"embeddable":true,"href":"https:\/\/www.museomarineriapesaro.it\/index.php\/wp-json\/wp\/v2\/media\/3820"}],"wp:attachment":[{"href":"https:\/\/www.museomarineriapesaro.it\/index.php\/wp-json\/wp\/v2\/media?parent=3821"}],"wp:term":[{"taxonomy":"category","embeddable":true,"href":"https:\/\/www.museomarineriapesaro.it\/index.php\/wp-json\/wp\/v2\/categories?post=3821"},{"taxonomy":"post_tag","embeddable":true,"href":"https:\/\/www.museomarineriapesaro.it\/index.php\/wp-json\/wp\/v2\/tags?post=3821"}],"curies":[{"name":"wp","href":"https:\/\/api.w.org\/{rel}","templated":true}]}}