{"id":3908,"date":"2026-04-29T07:52:43","date_gmt":"2026-04-29T05:52:43","guid":{"rendered":"https:\/\/www.museomarineriapesaro.it\/?p=3908"},"modified":"2026-04-29T13:51:45","modified_gmt":"2026-04-29T11:51:45","slug":"22-05-2026-il-mare-invisibile-di-gianni-lannes-proiezione-documentario-e-inaugurazione-mostra","status":"publish","type":"post","link":"https:\/\/www.museomarineriapesaro.it\/index.php\/22-05-2026-il-mare-invisibile-di-gianni-lannes-proiezione-documentario-e-inaugurazione-mostra\/","title":{"rendered":"22.05.2026 Il mare invisibile di Gianni Lannes &#8211; Proiezione documentario e inaugurazione mostra"},"content":{"rendered":"\n<p class=\"blocco\"><strong>Venerd\u00ec 22 Maggio 2026, alle ore 17,<\/strong> Sala conferenze del Museo della Marineria <em>Washington Patrignani<\/em> Pesaro, in via Pola 9, proiezione del documentario, <em>Il mare invisibile<\/em>, 30&#8242; e inaugurazione mostra, a cura di Gianni Lannes.<\/p>\n\n\n\n<figure class=\"wp-block-image size-large\"><img loading=\"lazy\" decoding=\"async\" width=\"819\" height=\"1024\" src=\"https:\/\/www.museomarineriapesaro.it\/wp-content\/uploads\/Locandina_22_05_26-819x1024.jpg\" alt=\"\" class=\"wp-image-3912\" srcset=\"https:\/\/www.museomarineriapesaro.it\/wp-content\/uploads\/Locandina_22_05_26-819x1024.jpg 819w, https:\/\/www.museomarineriapesaro.it\/wp-content\/uploads\/Locandina_22_05_26-240x300.jpg 240w, https:\/\/www.museomarineriapesaro.it\/wp-content\/uploads\/Locandina_22_05_26-120x150.jpg 120w, https:\/\/www.museomarineriapesaro.it\/wp-content\/uploads\/Locandina_22_05_26-768x960.jpg 768w, https:\/\/www.museomarineriapesaro.it\/wp-content\/uploads\/Locandina_22_05_26-1229x1536.jpg 1229w, https:\/\/www.museomarineriapesaro.it\/wp-content\/uploads\/Locandina_22_05_26-1639x2048.jpg 1639w, https:\/\/www.museomarineriapesaro.it\/wp-content\/uploads\/Locandina_22_05_26.jpg 1890w\" sizes=\"auto, (max-width: 819px) 100vw, 819px\" \/><\/figure>\n\n\n\n<p class=\"blocco\" id=\"blocco\">Nel documentario le testimonianze di alcuni ex pescatori di Fano, Pesaro, Gabicce e Cattolica, nonch\u00e9 di rappresentati politici delle istituzioni e del biologo marino Ezio Amato. Si tratta di un\u2019inchiesta a cui Gianni Lannes, giornalista investigativo, sta lavorando ormai da vent\u2019anni, continuando a ricercare riscontri nei mari d\u2019Italia e documenti militari e civili negli archivi nazionali ed internazionali e a raccogliere prove relative alla presenza di migliaia di bombe speciali&nbsp;(armi chimiche: bandite dalla Convenzione di Ginevra del 1925 e dal Trattato di Parigi del 1993) nelle acque dei mari italiani.<\/p>\n\n\n\n<p><strong>Mostra fotografica, <\/strong>a cura di Gianni Lannes.<\/p>\n\n\n\n<p class=\"blocco\">Bombe, siluri, proiettili, mine: dalla Seconda guerra mondiale ai bombardamenti Nato in Jugoslavia, fino alle esercitazioni militari. Il Mare Adriatico \u00e8 infestato dai lasciti bellici di Washington e Berlino. Ecco l\u2019Italia trasformata in un poligono permanente. Guerra infinita in tempo di pace apparente del Belpaese silente, mentre il governo Meloni decuplica le spese militari.<\/p>\n\n\n\n<p class=\"blocco\">Basta sfogliare l\u2019ultima edizione (anno 2026) dell\u2019 \u201cAvviso ai naviganti\u201d emesso dalla Marina Militare italiana, per rendersene conto. Si spara ovunque, anche nelle \u201caree protette\u201d e in prossimit\u00e0 dei centri abitati, soprattutto dove transitano navi, lavorano ignari pescatori e giacciono piattaforme metanifere e petrolifere; perfino dove bivaccano discariche di esplosivi attivi.<\/p>\n\n\n\n<p class=\"blocco\">Conseguenze? Non solo stragi di inermi civili. C\u2019\u00e8 un altro armadio della vergogna che non appare sui libri di storia, relativo alle armi chimiche affondate dinanzi a Pesaro, Fano, Gabicce e Cattolica dai nazitedeschi nell\u2019estate del 1944, come attesta il rapporto segreto del Sonderkommando Meyer. Le catastrofiche conseguenze di un\u2019eredit\u00e0 bellica inaccettabile con cui fare i conti. Chi inquina paga?<\/p>\n\n\n\n<p class=\"blocco\"><strong>La mostra rester\u00e0 aperta fino il 26 luglio con il seguente orario:<\/strong><br><strong>fino al 31 Maggio:<\/strong> marted\u00ec, mercoled\u00ec, gioved\u00ec dalle 9 alle 12:30; venerd\u00ec dalle 15 alle 19; terza domenica del mese: dalle 9 alle 12.30.<br><strong>Dal 1 giugno:<\/strong> marted\u00ec, mercoled\u00ec, gioved\u00ec dalle 9:30 alle 12:30; venerd\u00ec, sabato, domenica, dalle 16 alle 20.<\/p>\n\n\n\n<p><\/p>\n","protected":false},"excerpt":{"rendered":"<p>Venerd\u00ec 22 Maggio 2026, alle ore 17, Sala conferenze del Museo della Marineria Washington Patrignani Pesaro, in via Pola 9, proiezione del documentario, Il mare invisibile, 30&#8242; e inaugurazione mostra, a cura di Gianni Lannes. Nel documentario le testimonianze di alcuni ex pescatori di Fano, Pesaro, Gabicce e Cattolica, nonch\u00e9 di rappresentati politici delle istituzioni&hellip;&nbsp;<a href=\"https:\/\/www.museomarineriapesaro.it\/index.php\/22-05-2026-il-mare-invisibile-di-gianni-lannes-proiezione-documentario-e-inaugurazione-mostra\/\" rel=\"bookmark\">Read More &raquo;<span class=\"screen-reader-text\">22.05.2026 Il mare invisibile di Gianni Lannes &#8211; Proiezione documentario e inaugurazione mostra<\/span><\/a><\/p>\n","protected":false},"author":2,"featured_media":3911,"comment_status":"closed","ping_status":"closed","sticky":false,"template":"","format":"standard","meta":{"neve_meta_sidebar":"","neve_meta_container":"","neve_meta_enable_content_width":"","neve_meta_content_width":0,"neve_meta_title_alignment":"","neve_meta_author_avatar":"","neve_post_elements_order":"","neve_meta_disable_header":"","neve_meta_disable_footer":"","neve_meta_disable_title":"","neve_meta_reading_time":"","_themeisle_gutenberg_block_has_review":false,"footnotes":""},"categories":[7,49],"tags":[141,145,140,117,142,144,143],"class_list":["post-3908","post","type-post","status-publish","format-standard","has-post-thumbnail","hentry","category-mostre","category-news","tag-bombe","tag-gianni-lannes-giornalista-investigativo","tag-il-mare-invisibile","tag-mare-adriatico","tag-ordigni-bellici","tag-rapporto-segreto-sonderkommando-meyer","tag-seconda-guerra-mondiale"],"_links":{"self":[{"href":"https:\/\/www.museomarineriapesaro.it\/index.php\/wp-json\/wp\/v2\/posts\/3908","targetHints":{"allow":["GET"]}}],"collection":[{"href":"https:\/\/www.museomarineriapesaro.it\/index.php\/wp-json\/wp\/v2\/posts"}],"about":[{"href":"https:\/\/www.museomarineriapesaro.it\/index.php\/wp-json\/wp\/v2\/types\/post"}],"author":[{"embeddable":true,"href":"https:\/\/www.museomarineriapesaro.it\/index.php\/wp-json\/wp\/v2\/users\/2"}],"replies":[{"embeddable":true,"href":"https:\/\/www.museomarineriapesaro.it\/index.php\/wp-json\/wp\/v2\/comments?post=3908"}],"version-history":[{"count":19,"href":"https:\/\/www.museomarineriapesaro.it\/index.php\/wp-json\/wp\/v2\/posts\/3908\/revisions"}],"predecessor-version":[{"id":3929,"href":"https:\/\/www.museomarineriapesaro.it\/index.php\/wp-json\/wp\/v2\/posts\/3908\/revisions\/3929"}],"wp:featuredmedia":[{"embeddable":true,"href":"https:\/\/www.museomarineriapesaro.it\/index.php\/wp-json\/wp\/v2\/media\/3911"}],"wp:attachment":[{"href":"https:\/\/www.museomarineriapesaro.it\/index.php\/wp-json\/wp\/v2\/media?parent=3908"}],"wp:term":[{"taxonomy":"category","embeddable":true,"href":"https:\/\/www.museomarineriapesaro.it\/index.php\/wp-json\/wp\/v2\/categories?post=3908"},{"taxonomy":"post_tag","embeddable":true,"href":"https:\/\/www.museomarineriapesaro.it\/index.php\/wp-json\/wp\/v2\/tags?post=3908"}],"curies":[{"name":"wp","href":"https:\/\/api.w.org\/{rel}","templated":true}]}}